{"id":4737,"date":"2025-03-27T16:38:41","date_gmt":"2025-03-27T15:38:41","guid":{"rendered":"https:\/\/vis-comica.francis-mizio.net\/vis-comica\/?p=4737"},"modified":"2025-03-27T16:44:49","modified_gmt":"2025-03-27T15:44:49","slug":"sebastien-gendron-invite-du-festival-quai-du-polar-4-au-6-avril-2025","status":"publish","type":"post","link":"https:\/\/vis-comica.francis-mizio.net\/vis-comica\/2025\/03\/27\/sebastien-gendron-invite-du-festival-quai-du-polar-4-au-6-avril-2025\/","title":{"rendered":"S\u00e9bastien Gendron au festival Quai du polar (4 au 6 avril 2025)"},"content":{"rendered":"<p style=\"text-align: justify;\"><em><img loading=\"lazy\" decoding=\"async\" class=\"alignleft size-medium wp-image-4740\" src=\"https:\/\/vis-comica.francis-mizio.net\/vis-comica\/wp-content\/uploads\/2025\/03\/python2-205x300.jpg\" alt=\"\" width=\"205\" height=\"300\" srcset=\"https:\/\/vis-comica.francis-mizio.net\/vis-comica\/wp-content\/uploads\/2025\/03\/python2-205x300.jpg 205w, https:\/\/vis-comica.francis-mizio.net\/vis-comica\/wp-content\/uploads\/2025\/03\/python2-700x1024.jpg 700w, https:\/\/vis-comica.francis-mizio.net\/vis-comica\/wp-content\/uploads\/2025\/03\/python2-768x1124.jpg 768w, https:\/\/vis-comica.francis-mizio.net\/vis-comica\/wp-content\/uploads\/2025\/03\/python2-1049x1536.jpg 1049w, https:\/\/vis-comica.francis-mizio.net\/vis-comica\/wp-content\/uploads\/2025\/03\/python2.jpg 1093w\" sizes=\"auto, (max-width: 205px) 100vw, 205px\" \/>Pour en savoir plus, une page lui est consacr\u00e9e <a href=\"https:\/\/www.baz-art.org\/2025\/03\/quais-du-polar-2025-python-sebastien-gendron.html\" target=\"_blank\" rel=\"noopener\">&gt; sur le site web culturel Baz&rsquo;Art<\/a>.<br \/>\n<\/em><span style=\"color: #800000;\"><strong>R\u00e9sum\u00e9 par l&rsquo;\u00e9diteur : <\/strong><\/span><em>Constance Deltheil n\u2019aime pas son fils Hippolyte et on la comprend : 5 ans, infect et mauvais. Si \u00e7a n\u2019avait tenu qu\u2019\u00e0 elle, d\u2019enfant elle n\u2019aurait jamais eu. Et certainement pas avec Damien, son mari. La solution, ce serait de partir aussi loin que possible sous une fausse identit\u00e9 pour qu\u2019on ne la retrouve jamais. En Inde, pourquoi pas ? Mais le jour o\u00f9 elle ach\u00e8te son billet pour Bangalore, Damien meurt d\u2019un b\u00eate accident vasculaire. Comment Constance va-t-elle faire pour s\u2019\u00e9chapper d\u00e9sormais ? Et ce python qui hante les canalisations et met le petit lotissement o\u00f9 ils vivent en \u00e9moi\u2026<br \/>\n<\/em><span style=\"color: #800000;\"><strong>&gt; Sur le <a href=\"https:\/\/www.gallimard.fr\/catalogue\/python\/9782073000712\" target=\"_blank\" rel=\"noopener\">site de Gallimard<\/a><\/strong><\/span><\/p>\n<p style=\"text-align: center;\"><iframe loading=\"lazy\" title=\"YouTube video player\" src=\"https:\/\/www.youtube.com\/embed\/jJ5IduGqNJY?si=VOLx5Ld_cFaTTDfb\" width=\"560\" height=\"315\" frameborder=\"0\" allowfullscreen=\"allowfullscreen\"><\/iframe><\/p>\n","protected":false},"excerpt":{"rendered":"<p>Pour en savoir plus, une page lui est consacr\u00e9e &gt; sur le site web culturel Baz&rsquo;Art. R\u00e9sum\u00e9 par l&rsquo;\u00e9diteur : &hellip; <a href=\"https:\/\/vis-comica.francis-mizio.net\/vis-comica\/2025\/03\/27\/sebastien-gendron-invite-du-festival-quai-du-polar-4-au-6-avril-2025\/\" class=\"more-link\">Plus <span class=\"screen-reader-text\">S\u00e9bastien Gendron au festival Quai du polar (4 au 6 avril 2025)<\/span> <span class=\"meta-nav\">&rarr;<\/span><\/a><\/p>\n","protected":false},"author":1,"featured_media":4738,"comment_status":"closed","ping_status":"closed","sticky":false,"template":"","format":"standard","meta":{"footnotes":""},"categories":[5,7],"tags":[],"class_list":["post-4737","post","type-post","status-publish","format-standard","has-post-thumbnail","hentry","category-en-bref","category-litterature-humoristique"],"_links":{"self":[{"href":"https:\/\/vis-comica.francis-mizio.net\/vis-comica\/wp-json\/wp\/v2\/posts\/4737","targetHints":{"allow":["GET"]}}],"collection":[{"href":"https:\/\/vis-comica.francis-mizio.net\/vis-comica\/wp-json\/wp\/v2\/posts"}],"about":[{"href":"https:\/\/vis-comica.francis-mizio.net\/vis-comica\/wp-json\/wp\/v2\/types\/post"}],"author":[{"embeddable":true,"href":"https:\/\/vis-comica.francis-mizio.net\/vis-comica\/wp-json\/wp\/v2\/users\/1"}],"replies":[{"embeddable":true,"href":"https:\/\/vis-comica.francis-mizio.net\/vis-comica\/wp-json\/wp\/v2\/comments?post=4737"}],"version-history":[{"count":5,"href":"https:\/\/vis-comica.francis-mizio.net\/vis-comica\/wp-json\/wp\/v2\/posts\/4737\/revisions"}],"predecessor-version":[{"id":4745,"href":"https:\/\/vis-comica.francis-mizio.net\/vis-comica\/wp-json\/wp\/v2\/posts\/4737\/revisions\/4745"}],"wp:featuredmedia":[{"embeddable":true,"href":"https:\/\/vis-comica.francis-mizio.net\/vis-comica\/wp-json\/wp\/v2\/media\/4738"}],"wp:attachment":[{"href":"https:\/\/vis-comica.francis-mizio.net\/vis-comica\/wp-json\/wp\/v2\/media?parent=4737"}],"wp:term":[{"taxonomy":"category","embeddable":true,"href":"https:\/\/vis-comica.francis-mizio.net\/vis-comica\/wp-json\/wp\/v2\/categories?post=4737"},{"taxonomy":"post_tag","embeddable":true,"href":"https:\/\/vis-comica.francis-mizio.net\/vis-comica\/wp-json\/wp\/v2\/tags?post=4737"}],"curies":[{"name":"wp","href":"https:\/\/api.w.org\/{rel}","templated":true}]}}